{"id":7996,"date":"2025-10-01T13:27:04","date_gmt":"2025-10-01T13:27:04","guid":{"rendered":"https:\/\/www.esmadrid.com\/mcb\/?p=7996"},"modified":"2025-10-01T13:27:05","modified_gmt":"2025-10-01T13:27:05","slug":"ifns-exito-rotundo-de-la-edicion-en-madrid","status":"publish","type":"post","link":"https:\/\/www.esmadrid.com\/mcb\/programa-de-embajadores\/ifns-exito-rotundo-de-la-edicion-en-madrid\/","title":{"rendered":"IFNS: \u00e9xito rotundo de la edici\u00f3n en Madrid"},"content":{"rendered":"\n<p class=\"has-medium-font-size\"><strong>Madrid, sede del congreso mundial de par\u00e1lisis facial, que reuni\u00f3 a 650 expertos de 51 nacionalidades<\/strong><\/p>\n\n\n\n<p class=\"has-medium-font-size\"><strong>Del 24 al 27 de septiembre, el hotel Novotel Madrid Center se convirti\u00f3 en el epicentro de una especialidad en la que Espa\u00f1a es referente<\/strong><\/p>\n\n\n\n<p>El <strong><a href=\"https:\/\/ifns.es\/general-information\/welcome\/\">International Facial Nerve Symposium<\/a> (IFNS 2025)<\/strong>, el mayor encuentro mundial sobre par\u00e1lisis facial, ha tenido lugar en Madrid del 24 al 27 de septiembre con la asistencia de m\u00e1s de 650 especialistas de 51 pa\u00edses, batiendo r\u00e9cords de participaci\u00f3n.<\/p>\n\n\n\n<p>El congreso, que tuvo lugar en el hotel Novotel Madrid Center, presidido por los doctores <strong>Luis Lassaletta<\/strong> y <strong>Javier Gavil\u00e1n<\/strong>, ha debatido la importancia de tratar los casos complejos de par\u00e1lisis facial en <strong>unidades multidisciplinares especializadas<\/strong>, formadas por distintos especialistas y lideradas por otorrinolaring\u00f3logos. Este enfoque integral busca evitar que los pacientes permanezcan a\u00f1os sin una soluci\u00f3n adecuada a una patolog\u00eda que afecta de manera severa a la calidad de vida.<\/p>\n\n\n\n<p>La par\u00e1lisis facial puede ser transitoria, como la <strong>par\u00e1lisis de Bell<\/strong>, o tener causas m\u00e1s complejas como tumores, traumatismos o infecciones. En estos casos, la atenci\u00f3n en centros de referencia permite aplicar t\u00e9cnicas quir\u00fargicas de reinervaci\u00f3n y rehabilitaci\u00f3n espec\u00edficas que marcan la diferencia en la recuperaci\u00f3n.<\/p>\n\n\n\n<p>El impacto medi\u00e1tico reciente del caso de <strong>Justin Bieber<\/strong>, quien sufri\u00f3 una par\u00e1lisis facial parcial por el s\u00edndrome de Ramsay Hunt y tuvo que cancelar parte de su gira mundial, ha contribuido a visibilizar esta enfermedad y a concienciar sobre la necesidad de atenci\u00f3n temprana y especializada.<\/p>\n\n\n\n<p>En Espa\u00f1a, la <strong>Unidad de Par\u00e1lisis Facial del Hospital Universitario La Paz<\/strong>, con 22 a\u00f1os de trayectoria, es un referente internacional en el abordaje de casos complejos y organiza cada dos a\u00f1os un curso de actualizaci\u00f3n que este a\u00f1o se ha hecho coincidir con el IFNS 2025.<\/p>\n\n\n\n<p>El lema del congreso, <strong>\u201cTeamwork Leading to Excellence\u201d<\/strong>, reflejaba la idea central: s\u00f3lo el trabajo en equipo permite optimizar los resultados funcionales y est\u00e9ticos, y mejorar la calidad de vida de los pacientes.<\/p>\n\n\n\n<h2 class=\"wp-block-heading has-medium-font-size\">Un encuentro de referencia<\/h2>\n\n\n\n<p>El International Facial Nerve Symposium es considerado el encuentro de referencia para todos los especialistas en par\u00e1lisis facial. Este a\u00f1o, 51 nacionalidades de todo el mundo y 650 delegados han estado presentes.<\/p>\n\n\n\n<p>Con una elevada calidad cient\u00edfica que adem\u00e1s ha puesto en valor la labor de los especialistas espa\u00f1oles, a la vanguardia, esta edici\u00f3n madrile\u00f1a del congreso ha logrado superar las expectativas de participaci\u00f3n, convirti\u00e9ndose en el m\u00e1s importante en la historia de esta reuni\u00f3n y de la especialidad. <\/p>\n\n\n\n<figure class=\"wp-block-gallery has-nested-images columns-default is-cropped wp-block-gallery-1 is-layout-flex wp-block-gallery-is-layout-flex\">\n<figure class=\"wp-block-image size-large\"><img loading=\"lazy\" decoding=\"async\" width=\"1024\" height=\"540\" data-id=\"8001\" src=\"https:\/\/www.esmadrid.com\/mcb\/wp-content\/uploads\/2025\/10\/IMG_3442_resultado-1024x540.webp\" alt=\"\" class=\"wp-image-8001\" srcset=\"https:\/\/www.esmadrid.com\/mcb\/wp-content\/uploads\/2025\/10\/IMG_3442_resultado-1024x540.webp 1024w, https:\/\/www.esmadrid.com\/mcb\/wp-content\/uploads\/2025\/10\/IMG_3442_resultado-500x264.webp 500w, https:\/\/www.esmadrid.com\/mcb\/wp-content\/uploads\/2025\/10\/IMG_3442_resultado-768x405.webp 768w, https:\/\/www.esmadrid.com\/mcb\/wp-content\/uploads\/2025\/10\/IMG_3442_resultado-1536x810.webp 1536w, https:\/\/www.esmadrid.com\/mcb\/wp-content\/uploads\/2025\/10\/IMG_3442_resultado-2048x1079.webp 2048w\" sizes=\"auto, (max-width: 1024px) 100vw, 1024px\" \/><\/figure>\n\n\n\n<figure class=\"wp-block-image size-large\"><img loading=\"lazy\" decoding=\"async\" width=\"1024\" height=\"533\" data-id=\"7999\" src=\"https:\/\/www.esmadrid.com\/mcb\/wp-content\/uploads\/2025\/10\/IMG_2561-1024x533.jpg\" alt=\"\" class=\"wp-image-7999\" srcset=\"https:\/\/www.esmadrid.com\/mcb\/wp-content\/uploads\/2025\/10\/IMG_2561-1024x533.jpg 1024w, https:\/\/www.esmadrid.com\/mcb\/wp-content\/uploads\/2025\/10\/IMG_2561-500x260.jpg 500w, https:\/\/www.esmadrid.com\/mcb\/wp-content\/uploads\/2025\/10\/IMG_2561-768x400.jpg 768w, https:\/\/www.esmadrid.com\/mcb\/wp-content\/uploads\/2025\/10\/IMG_2561-1536x799.jpg 1536w, https:\/\/www.esmadrid.com\/mcb\/wp-content\/uploads\/2025\/10\/IMG_2561-2048x1066.jpg 2048w\" sizes=\"auto, (max-width: 1024px) 100vw, 1024px\" \/><\/figure>\n\n\n\n<figure class=\"wp-block-image size-large\"><img loading=\"lazy\" decoding=\"async\" width=\"1024\" height=\"435\" data-id=\"8000\" src=\"https:\/\/www.esmadrid.com\/mcb\/wp-content\/uploads\/2025\/10\/IMG_2510-1024x435.jpg\" alt=\"\" class=\"wp-image-8000\" srcset=\"https:\/\/www.esmadrid.com\/mcb\/wp-content\/uploads\/2025\/10\/IMG_2510-1024x435.jpg 1024w, https:\/\/www.esmadrid.com\/mcb\/wp-content\/uploads\/2025\/10\/IMG_2510-500x212.jpg 500w, https:\/\/www.esmadrid.com\/mcb\/wp-content\/uploads\/2025\/10\/IMG_2510-768x326.jpg 768w, https:\/\/www.esmadrid.com\/mcb\/wp-content\/uploads\/2025\/10\/IMG_2510-1536x652.jpg 1536w, https:\/\/www.esmadrid.com\/mcb\/wp-content\/uploads\/2025\/10\/IMG_2510-2048x870.jpg 2048w\" sizes=\"auto, (max-width: 1024px) 100vw, 1024px\" \/><\/figure>\n<\/figure>\n","protected":false},"excerpt":{"rendered":"<p>Madrid, sede del congreso mundial de par\u00e1lisis facial, que reuni\u00f3 a 650 expertos de 51 nacionalidades Del 24 al 27 de septiembre, el hotel Novotel Madrid Center se convirti\u00f3 en el epicentro de una especialidad en la que Espa\u00f1a es referente El International Facial Nerve Symposium (IFNS 2025), el mayor encuentro mundial sobre par\u00e1lisis facial, [&hellip;]<\/p>\n","protected":false},"author":6,"featured_media":7997,"comment_status":"closed","ping_status":"closed","sticky":false,"template":"","format":"standard","meta":{"_acf_changed":false,"footnotes":""},"categories":[316],"tags":[],"class_list":["post-7996","post","type-post","status-publish","format-standard","has-post-thumbnail","hentry","category-programa-de-embajadores"],"acf":[],"yoast_head":"<!-- This site is optimized with the Yoast SEO plugin v27.4 - https:\/\/yoast.com\/product\/yoast-seo-wordpress\/ -->\n<title>IFNS: \u00e9xito rotundo de la edici\u00f3n en Madrid - Madrid Convention Bureau<\/title>\n<meta name=\"robots\" content=\"index, follow, max-snippet:-1, max-image-preview:large, max-video-preview:-1\" \/>\n<link rel=\"canonical\" href=\"https:\/\/www.esmadrid.com\/mcb\/programa-de-embajadores\/ifns-exito-rotundo-de-la-edicion-en-madrid\/\" \/>\n<meta property=\"og:locale\" content=\"es_ES\" \/>\n<meta property=\"og:type\" content=\"article\" \/>\n<meta property=\"og:title\" content=\"IFNS: \u00e9xito rotundo de la edici\u00f3n en Madrid - Madrid Convention Bureau\" \/>\n<meta property=\"og:description\" content=\"Madrid, sede del congreso mundial de par\u00e1lisis facial, que reuni\u00f3 a 650 expertos de 51 nacionalidades Del 24 al 27 de septiembre, el hotel Novotel Madrid Center se convirti\u00f3 en el epicentro de una especialidad en la que Espa\u00f1a es referente El International Facial Nerve Symposium (IFNS 2025), el mayor encuentro mundial sobre par\u00e1lisis facial, [&hellip;]\" \/>\n<meta property=\"og:url\" content=\"https:\/\/www.esmadrid.com\/mcb\/programa-de-embajadores\/ifns-exito-rotundo-de-la-edicion-en-madrid\/\" \/>\n<meta property=\"og:site_name\" content=\"Madrid Convention Bureau\" \/>\n<meta property=\"article:published_time\" content=\"2025-10-01T13:27:04+00:00\" \/>\n<meta property=\"article:modified_time\" content=\"2025-10-01T13:27:05+00:00\" \/>\n<meta property=\"og:image\" content=\"https:\/\/www.esmadrid.com\/mcb\/wp-content\/uploads\/2025\/10\/IMG_2489-scaled.jpg\" \/>\n\t<meta property=\"og:image:width\" content=\"2560\" \/>\n\t<meta property=\"og:image:height\" content=\"1657\" \/>\n\t<meta property=\"og:image:type\" content=\"image\/jpeg\" \/>\n<meta name=\"author\" content=\"imartin\" \/>\n<meta name=\"twitter:card\" content=\"summary_large_image\" \/>\n<meta name=\"twitter:label1\" content=\"Escrito por\" \/>\n\t<meta name=\"twitter:data1\" content=\"imartin\" \/>\n\t<meta name=\"twitter:label2\" content=\"Tiempo de lectura\" \/>\n\t<meta name=\"twitter:data2\" content=\"3 minutos\" \/>\n<script type=\"application\/ld+json\" class=\"yoast-schema-graph\">{\"@context\":\"https:\\\/\\\/schema.org\",\"@graph\":[{\"@type\":\"Article\",\"@id\":\"https:\\\/\\\/www.esmadrid.com\\\/mcb\\\/programa-de-embajadores\\\/ifns-exito-rotundo-de-la-edicion-en-madrid\\\/#article\",\"isPartOf\":{\"@id\":\"https:\\\/\\\/www.esmadrid.com\\\/mcb\\\/programa-de-embajadores\\\/ifns-exito-rotundo-de-la-edicion-en-madrid\\\/\"},\"author\":{\"name\":\"imartin\",\"@id\":\"https:\\\/\\\/www.esmadrid.com\\\/mcb\\\/#\\\/schema\\\/person\\\/89f91b42bbb6da2c82f34cd70a370e3f\"},\"headline\":\"IFNS: \u00e9xito rotundo de la edici\u00f3n en Madrid\",\"datePublished\":\"2025-10-01T13:27:04+00:00\",\"dateModified\":\"2025-10-01T13:27:05+00:00\",\"mainEntityOfPage\":{\"@id\":\"https:\\\/\\\/www.esmadrid.com\\\/mcb\\\/programa-de-embajadores\\\/ifns-exito-rotundo-de-la-edicion-en-madrid\\\/\"},\"wordCount\":450,\"image\":{\"@id\":\"https:\\\/\\\/www.esmadrid.com\\\/mcb\\\/programa-de-embajadores\\\/ifns-exito-rotundo-de-la-edicion-en-madrid\\\/#primaryimage\"},\"thumbnailUrl\":\"https:\\\/\\\/www.esmadrid.com\\\/mcb\\\/wp-content\\\/uploads\\\/2025\\\/10\\\/IMG_2489-scaled.jpg\",\"articleSection\":[\"Programa de Embajadores\"],\"inLanguage\":\"es\"},{\"@type\":\"WebPage\",\"@id\":\"https:\\\/\\\/www.esmadrid.com\\\/mcb\\\/programa-de-embajadores\\\/ifns-exito-rotundo-de-la-edicion-en-madrid\\\/\",\"url\":\"https:\\\/\\\/www.esmadrid.com\\\/mcb\\\/programa-de-embajadores\\\/ifns-exito-rotundo-de-la-edicion-en-madrid\\\/\",\"name\":\"IFNS: \u00e9xito rotundo de la edici\u00f3n en Madrid - Madrid Convention Bureau\",\"isPartOf\":{\"@id\":\"https:\\\/\\\/www.esmadrid.com\\\/mcb\\\/#website\"},\"primaryImageOfPage\":{\"@id\":\"https:\\\/\\\/www.esmadrid.com\\\/mcb\\\/programa-de-embajadores\\\/ifns-exito-rotundo-de-la-edicion-en-madrid\\\/#primaryimage\"},\"image\":{\"@id\":\"https:\\\/\\\/www.esmadrid.com\\\/mcb\\\/programa-de-embajadores\\\/ifns-exito-rotundo-de-la-edicion-en-madrid\\\/#primaryimage\"},\"thumbnailUrl\":\"https:\\\/\\\/www.esmadrid.com\\\/mcb\\\/wp-content\\\/uploads\\\/2025\\\/10\\\/IMG_2489-scaled.jpg\",\"datePublished\":\"2025-10-01T13:27:04+00:00\",\"dateModified\":\"2025-10-01T13:27:05+00:00\",\"author\":{\"@id\":\"https:\\\/\\\/www.esmadrid.com\\\/mcb\\\/#\\\/schema\\\/person\\\/89f91b42bbb6da2c82f34cd70a370e3f\"},\"breadcrumb\":{\"@id\":\"https:\\\/\\\/www.esmadrid.com\\\/mcb\\\/programa-de-embajadores\\\/ifns-exito-rotundo-de-la-edicion-en-madrid\\\/#breadcrumb\"},\"inLanguage\":\"es\",\"potentialAction\":[{\"@type\":\"ReadAction\",\"target\":[\"https:\\\/\\\/www.esmadrid.com\\\/mcb\\\/programa-de-embajadores\\\/ifns-exito-rotundo-de-la-edicion-en-madrid\\\/\"]}]},{\"@type\":\"ImageObject\",\"inLanguage\":\"es\",\"@id\":\"https:\\\/\\\/www.esmadrid.com\\\/mcb\\\/programa-de-embajadores\\\/ifns-exito-rotundo-de-la-edicion-en-madrid\\\/#primaryimage\",\"url\":\"https:\\\/\\\/www.esmadrid.com\\\/mcb\\\/wp-content\\\/uploads\\\/2025\\\/10\\\/IMG_2489-scaled.jpg\",\"contentUrl\":\"https:\\\/\\\/www.esmadrid.com\\\/mcb\\\/wp-content\\\/uploads\\\/2025\\\/10\\\/IMG_2489-scaled.jpg\",\"width\":2560,\"height\":1657},{\"@type\":\"BreadcrumbList\",\"@id\":\"https:\\\/\\\/www.esmadrid.com\\\/mcb\\\/programa-de-embajadores\\\/ifns-exito-rotundo-de-la-edicion-en-madrid\\\/#breadcrumb\",\"itemListElement\":[{\"@type\":\"ListItem\",\"position\":1,\"name\":\"Portada\",\"item\":\"https:\\\/\\\/www.esmadrid.com\\\/mcb\\\/\"},{\"@type\":\"ListItem\",\"position\":2,\"name\":\"IFNS: \u00e9xito rotundo de la edici\u00f3n en Madrid\"}]},{\"@type\":\"WebSite\",\"@id\":\"https:\\\/\\\/www.esmadrid.com\\\/mcb\\\/#website\",\"url\":\"https:\\\/\\\/www.esmadrid.com\\\/mcb\\\/\",\"name\":\"Madrid Convention Bureau\",\"description\":\"Madrid Convention Bureau cuenta con un Equipo de profesionales que le asesorar\u00e1 sobre los mejores espacios y proveedores de servicios del sector MICE\",\"potentialAction\":[{\"@type\":\"SearchAction\",\"target\":{\"@type\":\"EntryPoint\",\"urlTemplate\":\"https:\\\/\\\/www.esmadrid.com\\\/mcb\\\/?s={search_term_string}\"},\"query-input\":{\"@type\":\"PropertyValueSpecification\",\"valueRequired\":true,\"valueName\":\"search_term_string\"}}],\"inLanguage\":\"es\"},{\"@type\":\"Person\",\"@id\":\"https:\\\/\\\/www.esmadrid.com\\\/mcb\\\/#\\\/schema\\\/person\\\/89f91b42bbb6da2c82f34cd70a370e3f\",\"name\":\"imartin\",\"url\":\"https:\\\/\\\/www.esmadrid.com\\\/mcb\\\/author\\\/imartin\\\/\"}]}<\/script>\n<!-- \/ Yoast SEO plugin. -->","yoast_head_json":{"title":"IFNS: \u00e9xito rotundo de la edici\u00f3n en Madrid - Madrid Convention Bureau","robots":{"index":"index","follow":"follow","max-snippet":"max-snippet:-1","max-image-preview":"max-image-preview:large","max-video-preview":"max-video-preview:-1"},"canonical":"https:\/\/www.esmadrid.com\/mcb\/programa-de-embajadores\/ifns-exito-rotundo-de-la-edicion-en-madrid\/","og_locale":"es_ES","og_type":"article","og_title":"IFNS: \u00e9xito rotundo de la edici\u00f3n en Madrid - Madrid Convention Bureau","og_description":"Madrid, sede del congreso mundial de par\u00e1lisis facial, que reuni\u00f3 a 650 expertos de 51 nacionalidades Del 24 al 27 de septiembre, el hotel Novotel Madrid Center se convirti\u00f3 en el epicentro de una especialidad en la que Espa\u00f1a es referente El International Facial Nerve Symposium (IFNS 2025), el mayor encuentro mundial sobre par\u00e1lisis facial, [&hellip;]","og_url":"https:\/\/www.esmadrid.com\/mcb\/programa-de-embajadores\/ifns-exito-rotundo-de-la-edicion-en-madrid\/","og_site_name":"Madrid Convention Bureau","article_published_time":"2025-10-01T13:27:04+00:00","article_modified_time":"2025-10-01T13:27:05+00:00","og_image":[{"width":2560,"height":1657,"url":"https:\/\/www.esmadrid.com\/mcb\/wp-content\/uploads\/2025\/10\/IMG_2489-scaled.jpg","type":"image\/jpeg"}],"author":"imartin","twitter_card":"summary_large_image","twitter_misc":{"Escrito por":"imartin","Tiempo de lectura":"3 minutos"},"schema":{"@context":"https:\/\/schema.org","@graph":[{"@type":"Article","@id":"https:\/\/www.esmadrid.com\/mcb\/programa-de-embajadores\/ifns-exito-rotundo-de-la-edicion-en-madrid\/#article","isPartOf":{"@id":"https:\/\/www.esmadrid.com\/mcb\/programa-de-embajadores\/ifns-exito-rotundo-de-la-edicion-en-madrid\/"},"author":{"name":"imartin","@id":"https:\/\/www.esmadrid.com\/mcb\/#\/schema\/person\/89f91b42bbb6da2c82f34cd70a370e3f"},"headline":"IFNS: \u00e9xito rotundo de la edici\u00f3n en Madrid","datePublished":"2025-10-01T13:27:04+00:00","dateModified":"2025-10-01T13:27:05+00:00","mainEntityOfPage":{"@id":"https:\/\/www.esmadrid.com\/mcb\/programa-de-embajadores\/ifns-exito-rotundo-de-la-edicion-en-madrid\/"},"wordCount":450,"image":{"@id":"https:\/\/www.esmadrid.com\/mcb\/programa-de-embajadores\/ifns-exito-rotundo-de-la-edicion-en-madrid\/#primaryimage"},"thumbnailUrl":"https:\/\/www.esmadrid.com\/mcb\/wp-content\/uploads\/2025\/10\/IMG_2489-scaled.jpg","articleSection":["Programa de Embajadores"],"inLanguage":"es"},{"@type":"WebPage","@id":"https:\/\/www.esmadrid.com\/mcb\/programa-de-embajadores\/ifns-exito-rotundo-de-la-edicion-en-madrid\/","url":"https:\/\/www.esmadrid.com\/mcb\/programa-de-embajadores\/ifns-exito-rotundo-de-la-edicion-en-madrid\/","name":"IFNS: \u00e9xito rotundo de la edici\u00f3n en Madrid - Madrid Convention Bureau","isPartOf":{"@id":"https:\/\/www.esmadrid.com\/mcb\/#website"},"primaryImageOfPage":{"@id":"https:\/\/www.esmadrid.com\/mcb\/programa-de-embajadores\/ifns-exito-rotundo-de-la-edicion-en-madrid\/#primaryimage"},"image":{"@id":"https:\/\/www.esmadrid.com\/mcb\/programa-de-embajadores\/ifns-exito-rotundo-de-la-edicion-en-madrid\/#primaryimage"},"thumbnailUrl":"https:\/\/www.esmadrid.com\/mcb\/wp-content\/uploads\/2025\/10\/IMG_2489-scaled.jpg","datePublished":"2025-10-01T13:27:04+00:00","dateModified":"2025-10-01T13:27:05+00:00","author":{"@id":"https:\/\/www.esmadrid.com\/mcb\/#\/schema\/person\/89f91b42bbb6da2c82f34cd70a370e3f"},"breadcrumb":{"@id":"https:\/\/www.esmadrid.com\/mcb\/programa-de-embajadores\/ifns-exito-rotundo-de-la-edicion-en-madrid\/#breadcrumb"},"inLanguage":"es","potentialAction":[{"@type":"ReadAction","target":["https:\/\/www.esmadrid.com\/mcb\/programa-de-embajadores\/ifns-exito-rotundo-de-la-edicion-en-madrid\/"]}]},{"@type":"ImageObject","inLanguage":"es","@id":"https:\/\/www.esmadrid.com\/mcb\/programa-de-embajadores\/ifns-exito-rotundo-de-la-edicion-en-madrid\/#primaryimage","url":"https:\/\/www.esmadrid.com\/mcb\/wp-content\/uploads\/2025\/10\/IMG_2489-scaled.jpg","contentUrl":"https:\/\/www.esmadrid.com\/mcb\/wp-content\/uploads\/2025\/10\/IMG_2489-scaled.jpg","width":2560,"height":1657},{"@type":"BreadcrumbList","@id":"https:\/\/www.esmadrid.com\/mcb\/programa-de-embajadores\/ifns-exito-rotundo-de-la-edicion-en-madrid\/#breadcrumb","itemListElement":[{"@type":"ListItem","position":1,"name":"Portada","item":"https:\/\/www.esmadrid.com\/mcb\/"},{"@type":"ListItem","position":2,"name":"IFNS: \u00e9xito rotundo de la edici\u00f3n en Madrid"}]},{"@type":"WebSite","@id":"https:\/\/www.esmadrid.com\/mcb\/#website","url":"https:\/\/www.esmadrid.com\/mcb\/","name":"Madrid Convention Bureau","description":"Madrid Convention Bureau cuenta con un Equipo de profesionales que le asesorar\u00e1 sobre los mejores espacios y proveedores de servicios del sector MICE","potentialAction":[{"@type":"SearchAction","target":{"@type":"EntryPoint","urlTemplate":"https:\/\/www.esmadrid.com\/mcb\/?s={search_term_string}"},"query-input":{"@type":"PropertyValueSpecification","valueRequired":true,"valueName":"search_term_string"}}],"inLanguage":"es"},{"@type":"Person","@id":"https:\/\/www.esmadrid.com\/mcb\/#\/schema\/person\/89f91b42bbb6da2c82f34cd70a370e3f","name":"imartin","url":"https:\/\/www.esmadrid.com\/mcb\/author\/imartin\/"}]}},"_links":{"self":[{"href":"https:\/\/www.esmadrid.com\/mcb\/wp-json\/wp\/v2\/posts\/7996","targetHints":{"allow":["GET"]}}],"collection":[{"href":"https:\/\/www.esmadrid.com\/mcb\/wp-json\/wp\/v2\/posts"}],"about":[{"href":"https:\/\/www.esmadrid.com\/mcb\/wp-json\/wp\/v2\/types\/post"}],"author":[{"embeddable":true,"href":"https:\/\/www.esmadrid.com\/mcb\/wp-json\/wp\/v2\/users\/6"}],"replies":[{"embeddable":true,"href":"https:\/\/www.esmadrid.com\/mcb\/wp-json\/wp\/v2\/comments?post=7996"}],"version-history":[{"count":2,"href":"https:\/\/www.esmadrid.com\/mcb\/wp-json\/wp\/v2\/posts\/7996\/revisions"}],"predecessor-version":[{"id":8002,"href":"https:\/\/www.esmadrid.com\/mcb\/wp-json\/wp\/v2\/posts\/7996\/revisions\/8002"}],"wp:featuredmedia":[{"embeddable":true,"href":"https:\/\/www.esmadrid.com\/mcb\/wp-json\/wp\/v2\/media\/7997"}],"wp:attachment":[{"href":"https:\/\/www.esmadrid.com\/mcb\/wp-json\/wp\/v2\/media?parent=7996"}],"wp:term":[{"taxonomy":"category","embeddable":true,"href":"https:\/\/www.esmadrid.com\/mcb\/wp-json\/wp\/v2\/categories?post=7996"},{"taxonomy":"post_tag","embeddable":true,"href":"https:\/\/www.esmadrid.com\/mcb\/wp-json\/wp\/v2\/tags?post=7996"}],"curies":[{"name":"wp","href":"https:\/\/api.w.org\/{rel}","templated":true}]}}