{"id":3412,"date":"2019-04-25T11:33:36","date_gmt":"2019-04-25T11:33:36","guid":{"rendered":"https:\/\/www.esmadrid.com\/mcb\/?p=3412"},"modified":"2024-06-11T11:29:05","modified_gmt":"2024-06-11T11:29:05","slug":"ems2019-madrid-legado","status":"publish","type":"post","link":"https:\/\/www.esmadrid.com\/mcb\/novedades\/ems2019-madrid-legado\/","title":{"rendered":"Madrid se prepara para el congreso Europeo de Servicios de Emergencias"},"content":{"rendered":"<p><strong>Samur-Protecci\u00f3n Civil har\u00e1 demostraciones y sesiones pr\u00e1cticas con maniqu\u00edes de primeros auxilios y modelos educativos de desfibriladores port\u00e1tiles (DEA)<\/strong><\/p>\n<p><strong>Madrid Convention Bureau empieza su proyecto de legado de los eventos en la ciudad anfitriona con la acci\u00f3n informativa de este congreso<\/strong><\/p>\n<p><strong>El <a href=\"https:\/\/emseurope.org\/welcome-to-madrid\/\">Congreso EMS<\/a> reunir\u00e1, por primera vez, en Madrid a m\u00e1s de 1.000 delegados internacionales que prestan atenci\u00f3n ciudadana en el caso de emergencias<\/strong><\/p>\n<p>Del 26 al 28 de abril, tiene lugar en Madrid el 4\u00ba Congreso Europeo de Servicios de Emergencias (EMS), que organiza la Sociedad Europea de Servicios de Emergencias en colaboraci\u00f3n con el Ayuntamiento de Madrid, a trav\u00e9s de Samur-Protecci\u00f3n Civil, los servicios municipales de emergencias de la ciudad.<\/p>\n<p>En el marco de esta celebraci\u00f3n, se realiza hoy una acci\u00f3n abierta para la ciudadan\u00eda, consistente en la realizaci\u00f3n de sesiones pr\u00e1cticas de primeros auxilios y sesiones informativas sobre los servicios de emergencias, as\u00ed como del propio congreso. <strong>Ser\u00e1 en la plaza de Felipe II de 13:00 a 20:00 horas<\/strong>.<\/p>\n<p><strong>Legado e impacto positivo<\/strong><\/p>\n<p>El objetivo de esta actividad informativa es, principalmente, dar a conocer a los ciudadanos el funcionamiento de los servicios de emergencia, a la vez que se da a conocer el propio congreso y empieza un proyecto de Madrid Convention Bureau, dependiente de Madrid Destino, para generar un impacto positivo de los congresos en la ciudad. Gracias a esta iniciativa, los congresos internacionales desarrollar\u00e1n actividades en la propia ciudad para dejar una huella y un legado a Madrid y sus ciudadanos.<\/p>\n<p>Los representantes de Samur-Protecci\u00f3n Civil ofrecer\u00e1n informaci\u00f3n y tambi\u00e9n realizar\u00e1n demostraciones y breves sesiones pr\u00e1cticas sobre los primeros auxilios, usando para ello su equipamiento especializado habitual: maniqu\u00edes de primeros auxilios y modelos educativos de desfibriladores port\u00e1tiles (DEA). Tambi\u00e9n se podr\u00e1n visitar dos ambulancias y conocer su funcionamiento y el equipo con el que cuentan en su actividad diaria.<\/p>\n<p><strong>Madrid, gran sede del turismo congresual y de reuniones<\/strong><\/p>\n<p>El <a href=\"https:\/\/emseurope.org\/welcome-to-madrid\/\">Congreso Europeo de Servicios de Emergencias<\/a> proporcionar\u00e1 los \u00faltimos conocimientos en servicios de emergencia, desde la llamada del ciudadano hasta el tratamiento prehospitalario en las salas de emergencias.<\/p>\n<p>El congreso, con sede en IFEMA Palacio Municipal, reunir\u00e1, por primera vez, en Madrid a m\u00e1s de 1.000 delegados internacionales, profesionales de los servicios de emergencias europeos y representantes de los diferentes cuerpos y organismos que prestan atenci\u00f3n ciudadana en el caso de siniestros, desastres naturales y emergencias.<\/p>\n<p>Esta gran cita europea, que es la primera vez que elige a una ciudad espa\u00f1ola como anfitriona, contribuye a consolidar el posicionamiento de Madrid como gran sede del turismo congresual y de reuniones.<\/p>\n<p>Otros grandes eventos tambi\u00e9n se celebrar\u00e1n este a\u00f1o en Madrid: el 20th. Annual European Congress of Rheumatology EULAR (15.000 delegados), el 29th. International Congress of the European Respiratory Society ERS (18.000 delegados) o el 28th. International Congress of the European Academy of Dermatology and Venereology EADV (10.000 delegados).\/<\/p>\n","protected":false},"excerpt":{"rendered":"<p>Samur-Protecci\u00f3n Civil har\u00e1 demostraciones y sesiones pr\u00e1cticas con maniqu\u00edes de primeros auxilios y modelos educativos de desfibriladores port\u00e1tiles (DEA) Madrid Convention Bureau empieza su proyecto de legado de los eventos en la ciudad anfitriona con la acci\u00f3n informativa de este congreso El Congreso EMS reunir\u00e1, por primera vez, en Madrid a m\u00e1s de 1.000 delegados [&hellip;]<\/p>\n","protected":false},"author":2,"featured_media":3425,"comment_status":"closed","ping_status":"closed","sticky":false,"template":"","format":"standard","meta":{"_acf_changed":false,"footnotes":""},"categories":[1],"tags":[164,53,167,165],"class_list":["post-3412","post","type-post","status-publish","format-standard","has-post-thumbnail","hentry","category-novedades","tag-congresos","tag-madrid","tag-samur-proteccion-civil","tag-servicios-de-emergencias"],"acf":[],"yoast_head":"<!-- This site is optimized with the Yoast SEO plugin v27.5 - https:\/\/yoast.com\/product\/yoast-seo-wordpress\/ -->\n<title>Madrid se prepara para el congreso Europeo de Servicios de Emergencias - Madrid Convention Bureau<\/title>\n<meta name=\"description\" content=\"El congreso Europeo de Emergencias, en Madrid del 26 al 28 de abril. El d\u00eda 25 tendr\u00e1 lugar una acci\u00f3n formativa en emergencias para los madrile\u00f1os.\" \/>\n<meta name=\"robots\" content=\"index, follow, max-snippet:-1, max-image-preview:large, max-video-preview:-1\" \/>\n<link rel=\"canonical\" href=\"https:\/\/www.esmadrid.com\/mcb\/novedades\/ems2019-madrid-legado\/\" \/>\n<meta property=\"og:locale\" content=\"es_ES\" \/>\n<meta property=\"og:type\" content=\"article\" \/>\n<meta property=\"og:title\" content=\"Madrid se prepara para el congreso Europeo de Servicios de Emergencias - Madrid Convention Bureau\" \/>\n<meta property=\"og:description\" content=\"El congreso Europeo de Emergencias, en Madrid del 26 al 28 de abril. El d\u00eda 25 tendr\u00e1 lugar una acci\u00f3n formativa en emergencias para los madrile\u00f1os.\" \/>\n<meta property=\"og:url\" content=\"https:\/\/www.esmadrid.com\/mcb\/novedades\/ems2019-madrid-legado\/\" \/>\n<meta property=\"og:site_name\" content=\"Madrid Convention Bureau\" \/>\n<meta property=\"article:published_time\" content=\"2019-04-25T11:33:36+00:00\" \/>\n<meta property=\"article:modified_time\" content=\"2024-06-11T11:29:05+00:00\" \/>\n<meta property=\"og:image\" content=\"https:\/\/www.esmadrid.com\/mcb\/wp-content\/uploads\/2019\/04\/emergencias-WP-1.jpg\" \/>\n\t<meta property=\"og:image:width\" content=\"355\" \/>\n\t<meta property=\"og:image:height\" content=\"200\" \/>\n\t<meta property=\"og:image:type\" content=\"image\/jpeg\" \/>\n<meta name=\"author\" content=\"editor\" \/>\n<meta name=\"twitter:card\" content=\"summary_large_image\" \/>\n<meta name=\"twitter:label1\" content=\"Escrito por\" \/>\n\t<meta name=\"twitter:data1\" content=\"editor\" \/>\n\t<meta name=\"twitter:label2\" content=\"Tiempo de lectura\" \/>\n\t<meta name=\"twitter:data2\" content=\"2 minutos\" \/>\n<script type=\"application\/ld+json\" class=\"yoast-schema-graph\">{\"@context\":\"https:\\\/\\\/schema.org\",\"@graph\":[{\"@type\":\"Article\",\"@id\":\"https:\\\/\\\/www.esmadrid.com\\\/mcb\\\/novedades\\\/ems2019-madrid-legado\\\/#article\",\"isPartOf\":{\"@id\":\"https:\\\/\\\/www.esmadrid.com\\\/mcb\\\/novedades\\\/ems2019-madrid-legado\\\/\"},\"author\":{\"name\":\"editor\",\"@id\":\"https:\\\/\\\/www.esmadrid.com\\\/mcb\\\/#\\\/schema\\\/person\\\/cc0f4a72833d0376034828bc8f99ca0b\"},\"headline\":\"Madrid se prepara para el congreso Europeo de Servicios de Emergencias\",\"datePublished\":\"2019-04-25T11:33:36+00:00\",\"dateModified\":\"2024-06-11T11:29:05+00:00\",\"mainEntityOfPage\":{\"@id\":\"https:\\\/\\\/www.esmadrid.com\\\/mcb\\\/novedades\\\/ems2019-madrid-legado\\\/\"},\"wordCount\":505,\"image\":{\"@id\":\"https:\\\/\\\/www.esmadrid.com\\\/mcb\\\/novedades\\\/ems2019-madrid-legado\\\/#primaryimage\"},\"thumbnailUrl\":\"https:\\\/\\\/www.esmadrid.com\\\/mcb\\\/wp-content\\\/uploads\\\/2019\\\/04\\\/emergencias-WP-1.jpg\",\"keywords\":[\"congresos\",\"madrid\",\"SAMUR-Protecci\u00f3n civil\",\"Servicios de Emergencias\"],\"articleSection\":[\"Novedades\"],\"inLanguage\":\"es\"},{\"@type\":\"WebPage\",\"@id\":\"https:\\\/\\\/www.esmadrid.com\\\/mcb\\\/novedades\\\/ems2019-madrid-legado\\\/\",\"url\":\"https:\\\/\\\/www.esmadrid.com\\\/mcb\\\/novedades\\\/ems2019-madrid-legado\\\/\",\"name\":\"Madrid se prepara para el congreso Europeo de Servicios de Emergencias - Madrid Convention Bureau\",\"isPartOf\":{\"@id\":\"https:\\\/\\\/www.esmadrid.com\\\/mcb\\\/#website\"},\"primaryImageOfPage\":{\"@id\":\"https:\\\/\\\/www.esmadrid.com\\\/mcb\\\/novedades\\\/ems2019-madrid-legado\\\/#primaryimage\"},\"image\":{\"@id\":\"https:\\\/\\\/www.esmadrid.com\\\/mcb\\\/novedades\\\/ems2019-madrid-legado\\\/#primaryimage\"},\"thumbnailUrl\":\"https:\\\/\\\/www.esmadrid.com\\\/mcb\\\/wp-content\\\/uploads\\\/2019\\\/04\\\/emergencias-WP-1.jpg\",\"datePublished\":\"2019-04-25T11:33:36+00:00\",\"dateModified\":\"2024-06-11T11:29:05+00:00\",\"author\":{\"@id\":\"https:\\\/\\\/www.esmadrid.com\\\/mcb\\\/#\\\/schema\\\/person\\\/cc0f4a72833d0376034828bc8f99ca0b\"},\"description\":\"El congreso Europeo de Emergencias, en Madrid del 26 al 28 de abril. El d\u00eda 25 tendr\u00e1 lugar una acci\u00f3n formativa en emergencias para los madrile\u00f1os.\",\"breadcrumb\":{\"@id\":\"https:\\\/\\\/www.esmadrid.com\\\/mcb\\\/novedades\\\/ems2019-madrid-legado\\\/#breadcrumb\"},\"inLanguage\":\"es\",\"potentialAction\":[{\"@type\":\"ReadAction\",\"target\":[\"https:\\\/\\\/www.esmadrid.com\\\/mcb\\\/novedades\\\/ems2019-madrid-legado\\\/\"]}]},{\"@type\":\"ImageObject\",\"inLanguage\":\"es\",\"@id\":\"https:\\\/\\\/www.esmadrid.com\\\/mcb\\\/novedades\\\/ems2019-madrid-legado\\\/#primaryimage\",\"url\":\"https:\\\/\\\/www.esmadrid.com\\\/mcb\\\/wp-content\\\/uploads\\\/2019\\\/04\\\/emergencias-WP-1.jpg\",\"contentUrl\":\"https:\\\/\\\/www.esmadrid.com\\\/mcb\\\/wp-content\\\/uploads\\\/2019\\\/04\\\/emergencias-WP-1.jpg\",\"width\":355,\"height\":200,\"caption\":\"Congreso EMS 2019 Madrid\"},{\"@type\":\"BreadcrumbList\",\"@id\":\"https:\\\/\\\/www.esmadrid.com\\\/mcb\\\/novedades\\\/ems2019-madrid-legado\\\/#breadcrumb\",\"itemListElement\":[{\"@type\":\"ListItem\",\"position\":1,\"name\":\"Portada\",\"item\":\"https:\\\/\\\/www.esmadrid.com\\\/mcb\\\/\"},{\"@type\":\"ListItem\",\"position\":2,\"name\":\"Madrid se prepara para el congreso Europeo de Servicios de Emergencias\"}]},{\"@type\":\"WebSite\",\"@id\":\"https:\\\/\\\/www.esmadrid.com\\\/mcb\\\/#website\",\"url\":\"https:\\\/\\\/www.esmadrid.com\\\/mcb\\\/\",\"name\":\"Madrid Convention Bureau\",\"description\":\"Madrid Convention Bureau cuenta con un Equipo de profesionales que le asesorar\u00e1 sobre los mejores espacios y proveedores de servicios del sector MICE\",\"potentialAction\":[{\"@type\":\"SearchAction\",\"target\":{\"@type\":\"EntryPoint\",\"urlTemplate\":\"https:\\\/\\\/www.esmadrid.com\\\/mcb\\\/?s={search_term_string}\"},\"query-input\":{\"@type\":\"PropertyValueSpecification\",\"valueRequired\":true,\"valueName\":\"search_term_string\"}}],\"inLanguage\":\"es\"},{\"@type\":\"Person\",\"@id\":\"https:\\\/\\\/www.esmadrid.com\\\/mcb\\\/#\\\/schema\\\/person\\\/cc0f4a72833d0376034828bc8f99ca0b\",\"name\":\"editor\",\"url\":\"https:\\\/\\\/www.esmadrid.com\\\/mcb\\\/author\\\/editor\\\/\"}]}<\/script>\n<!-- \/ Yoast SEO plugin. -->","yoast_head_json":{"title":"Madrid se prepara para el congreso Europeo de Servicios de Emergencias - Madrid Convention Bureau","description":"El congreso Europeo de Emergencias, en Madrid del 26 al 28 de abril. El d\u00eda 25 tendr\u00e1 lugar una acci\u00f3n formativa en emergencias para los madrile\u00f1os.","robots":{"index":"index","follow":"follow","max-snippet":"max-snippet:-1","max-image-preview":"max-image-preview:large","max-video-preview":"max-video-preview:-1"},"canonical":"https:\/\/www.esmadrid.com\/mcb\/novedades\/ems2019-madrid-legado\/","og_locale":"es_ES","og_type":"article","og_title":"Madrid se prepara para el congreso Europeo de Servicios de Emergencias - Madrid Convention Bureau","og_description":"El congreso Europeo de Emergencias, en Madrid del 26 al 28 de abril. El d\u00eda 25 tendr\u00e1 lugar una acci\u00f3n formativa en emergencias para los madrile\u00f1os.","og_url":"https:\/\/www.esmadrid.com\/mcb\/novedades\/ems2019-madrid-legado\/","og_site_name":"Madrid Convention Bureau","article_published_time":"2019-04-25T11:33:36+00:00","article_modified_time":"2024-06-11T11:29:05+00:00","og_image":[{"width":355,"height":200,"url":"https:\/\/www.esmadrid.com\/mcb\/wp-content\/uploads\/2019\/04\/emergencias-WP-1.jpg","type":"image\/jpeg"}],"author":"editor","twitter_card":"summary_large_image","twitter_misc":{"Escrito por":"editor","Tiempo de lectura":"2 minutos"},"schema":{"@context":"https:\/\/schema.org","@graph":[{"@type":"Article","@id":"https:\/\/www.esmadrid.com\/mcb\/novedades\/ems2019-madrid-legado\/#article","isPartOf":{"@id":"https:\/\/www.esmadrid.com\/mcb\/novedades\/ems2019-madrid-legado\/"},"author":{"name":"editor","@id":"https:\/\/www.esmadrid.com\/mcb\/#\/schema\/person\/cc0f4a72833d0376034828bc8f99ca0b"},"headline":"Madrid se prepara para el congreso Europeo de Servicios de Emergencias","datePublished":"2019-04-25T11:33:36+00:00","dateModified":"2024-06-11T11:29:05+00:00","mainEntityOfPage":{"@id":"https:\/\/www.esmadrid.com\/mcb\/novedades\/ems2019-madrid-legado\/"},"wordCount":505,"image":{"@id":"https:\/\/www.esmadrid.com\/mcb\/novedades\/ems2019-madrid-legado\/#primaryimage"},"thumbnailUrl":"https:\/\/www.esmadrid.com\/mcb\/wp-content\/uploads\/2019\/04\/emergencias-WP-1.jpg","keywords":["congresos","madrid","SAMUR-Protecci\u00f3n civil","Servicios de Emergencias"],"articleSection":["Novedades"],"inLanguage":"es"},{"@type":"WebPage","@id":"https:\/\/www.esmadrid.com\/mcb\/novedades\/ems2019-madrid-legado\/","url":"https:\/\/www.esmadrid.com\/mcb\/novedades\/ems2019-madrid-legado\/","name":"Madrid se prepara para el congreso Europeo de Servicios de Emergencias - Madrid Convention Bureau","isPartOf":{"@id":"https:\/\/www.esmadrid.com\/mcb\/#website"},"primaryImageOfPage":{"@id":"https:\/\/www.esmadrid.com\/mcb\/novedades\/ems2019-madrid-legado\/#primaryimage"},"image":{"@id":"https:\/\/www.esmadrid.com\/mcb\/novedades\/ems2019-madrid-legado\/#primaryimage"},"thumbnailUrl":"https:\/\/www.esmadrid.com\/mcb\/wp-content\/uploads\/2019\/04\/emergencias-WP-1.jpg","datePublished":"2019-04-25T11:33:36+00:00","dateModified":"2024-06-11T11:29:05+00:00","author":{"@id":"https:\/\/www.esmadrid.com\/mcb\/#\/schema\/person\/cc0f4a72833d0376034828bc8f99ca0b"},"description":"El congreso Europeo de Emergencias, en Madrid del 26 al 28 de abril. El d\u00eda 25 tendr\u00e1 lugar una acci\u00f3n formativa en emergencias para los madrile\u00f1os.","breadcrumb":{"@id":"https:\/\/www.esmadrid.com\/mcb\/novedades\/ems2019-madrid-legado\/#breadcrumb"},"inLanguage":"es","potentialAction":[{"@type":"ReadAction","target":["https:\/\/www.esmadrid.com\/mcb\/novedades\/ems2019-madrid-legado\/"]}]},{"@type":"ImageObject","inLanguage":"es","@id":"https:\/\/www.esmadrid.com\/mcb\/novedades\/ems2019-madrid-legado\/#primaryimage","url":"https:\/\/www.esmadrid.com\/mcb\/wp-content\/uploads\/2019\/04\/emergencias-WP-1.jpg","contentUrl":"https:\/\/www.esmadrid.com\/mcb\/wp-content\/uploads\/2019\/04\/emergencias-WP-1.jpg","width":355,"height":200,"caption":"Congreso EMS 2019 Madrid"},{"@type":"BreadcrumbList","@id":"https:\/\/www.esmadrid.com\/mcb\/novedades\/ems2019-madrid-legado\/#breadcrumb","itemListElement":[{"@type":"ListItem","position":1,"name":"Portada","item":"https:\/\/www.esmadrid.com\/mcb\/"},{"@type":"ListItem","position":2,"name":"Madrid se prepara para el congreso Europeo de Servicios de Emergencias"}]},{"@type":"WebSite","@id":"https:\/\/www.esmadrid.com\/mcb\/#website","url":"https:\/\/www.esmadrid.com\/mcb\/","name":"Madrid Convention Bureau","description":"Madrid Convention Bureau cuenta con un Equipo de profesionales que le asesorar\u00e1 sobre los mejores espacios y proveedores de servicios del sector MICE","potentialAction":[{"@type":"SearchAction","target":{"@type":"EntryPoint","urlTemplate":"https:\/\/www.esmadrid.com\/mcb\/?s={search_term_string}"},"query-input":{"@type":"PropertyValueSpecification","valueRequired":true,"valueName":"search_term_string"}}],"inLanguage":"es"},{"@type":"Person","@id":"https:\/\/www.esmadrid.com\/mcb\/#\/schema\/person\/cc0f4a72833d0376034828bc8f99ca0b","name":"editor","url":"https:\/\/www.esmadrid.com\/mcb\/author\/editor\/"}]}},"_links":{"self":[{"href":"https:\/\/www.esmadrid.com\/mcb\/wp-json\/wp\/v2\/posts\/3412","targetHints":{"allow":["GET"]}}],"collection":[{"href":"https:\/\/www.esmadrid.com\/mcb\/wp-json\/wp\/v2\/posts"}],"about":[{"href":"https:\/\/www.esmadrid.com\/mcb\/wp-json\/wp\/v2\/types\/post"}],"author":[{"embeddable":true,"href":"https:\/\/www.esmadrid.com\/mcb\/wp-json\/wp\/v2\/users\/2"}],"replies":[{"embeddable":true,"href":"https:\/\/www.esmadrid.com\/mcb\/wp-json\/wp\/v2\/comments?post=3412"}],"version-history":[{"count":11,"href":"https:\/\/www.esmadrid.com\/mcb\/wp-json\/wp\/v2\/posts\/3412\/revisions"}],"predecessor-version":[{"id":3426,"href":"https:\/\/www.esmadrid.com\/mcb\/wp-json\/wp\/v2\/posts\/3412\/revisions\/3426"}],"wp:featuredmedia":[{"embeddable":true,"href":"https:\/\/www.esmadrid.com\/mcb\/wp-json\/wp\/v2\/media\/3425"}],"wp:attachment":[{"href":"https:\/\/www.esmadrid.com\/mcb\/wp-json\/wp\/v2\/media?parent=3412"}],"wp:term":[{"taxonomy":"category","embeddable":true,"href":"https:\/\/www.esmadrid.com\/mcb\/wp-json\/wp\/v2\/categories?post=3412"},{"taxonomy":"post_tag","embeddable":true,"href":"https:\/\/www.esmadrid.com\/mcb\/wp-json\/wp\/v2\/tags?post=3412"}],"curies":[{"name":"wp","href":"https:\/\/api.w.org\/{rel}","templated":true}]}}